{"id":1021,"date":"2020-01-07T14:17:57","date_gmt":"2020-01-07T14:17:57","guid":{"rendered":"http:\/\/www.arge-nord.com\/?p=1021"},"modified":"2020-01-27T10:21:36","modified_gmt":"2020-01-27T10:21:36","slug":"unkrautunterdrueckung-mittels-kompostband-waetzum-kirchweyhe-2019","status":"publish","type":"post","link":"https:\/\/www.arge-nord.de\/?p=1021","title":{"rendered":"Unkrautunterdr\u00fcckung durch Kompost (W\u00e4tzum, Kirchweyhe) 2019"},"content":{"rendered":"<p>In Zusammenarbeit mit dem Julius-K\u00fchn-Institut, Abteilung Herbologie und der Nordzucker AG wurde an zwei Standorten &#8211; Kirchwehye (LK Uelzen) und W\u00e4tzum (LK Hildesheim) &#8211; ein Versuch zur Unkrautunterdr\u00fcckung durch Aufbringen eines Kompostbandes auf die Saatreihe angelegt.<br \/>\nBei der Fl\u00e4che in W\u00e4tzum handelt es sich um eine \u00f6kologisch, in Kirchweyhe um eine konventionell bewirtschaftete Fl\u00e4che.<br \/>\nZiel des Versuches war es, festzustellen, ob und inwieweit Unkraut in der Reihe am Auflaufen gehindert werden kann.<br \/>\nDer Versuch bestand aus zwei Varianten: mit Kompostauflage und ohne Kompostauflage, vierfach wiederholt. Die Parzellen waren dreireihig und 10 m lang.<br \/>\nDirekt nach dem Drillen wurde eine 8 cm breite und 2 cm dicke Kompostschicht auf die Saatreihe aufgebracht.<br \/>\nIm Abstand von vier, sechs und acht Wochen wurden in vier kleinen Boniturfl\u00e4chen (7 cm x 40 cm) je Parzelle die Unkrautarten und die Anzahl an aufgelaufenen Unkr\u00e4utern bestimmt. Weiterhin wurden der Feldaufgang und die Bestandesdichte in den Parzellen ermittelt.<\/p>\n<p><img loading=\"lazy\" decoding=\"async\" class=\"aligncenter size-full wp-image-1023\" src=\"http:\/\/www.arge-nord.com\/wordpress\/wp-content\/uploads\/2020\/01\/Kompost_Versuchsskizze_2019.png\" alt=\"\" width=\"1280\" height=\"720\" srcset=\"https:\/\/arge-nord.com\/wp-content\/uploads\/2020\/01\/Kompost_Versuchsskizze_2019.png 1280w, https:\/\/arge-nord.com\/wp-content\/uploads\/2020\/01\/Kompost_Versuchsskizze_2019-300x169.png 300w, https:\/\/arge-nord.com\/wp-content\/uploads\/2020\/01\/Kompost_Versuchsskizze_2019-1024x576.png 1024w, https:\/\/arge-nord.com\/wp-content\/uploads\/2020\/01\/Kompost_Versuchsskizze_2019-768x432.png 768w\" sizes=\"(max-width: 1280px) 100vw, 1280px\" \/><\/p>\n<p>Bitte klicken Sie auf das jeweilige Diagramme, um zur vergr\u00f6\u00dferten Ansicht zu gelangen. Dort finden Sie Ergebnisse zu den Feldaufgangszahlen, der Anzahl an Unkr\u00e4utern und den Unkrautarten.<\/p>\n<div id='gallery-1' class='gallery galleryid-1021 gallery-columns-3 gallery-size-full'><figure class='gallery-item'>\n\t\t\t<div class='gallery-icon landscape'>\n\t\t\t\t<a href='https:\/\/arge-nord.com\/wp-content\/uploads\/2020\/01\/Folie_Kompost_Feldaufgang_2019.png' title=\"Feldaufgang Kompost 2019\" data-rl_title=\"Feldaufgang Kompost 2019\" class=\"rl-gallery-link\" data-rl_caption=\"\" data-rel=\"lightbox-gallery-1\"><img loading=\"lazy\" decoding=\"async\" width=\"960\" height=\"540\" src=\"https:\/\/arge-nord.com\/wp-content\/uploads\/2020\/01\/Folie_Kompost_Feldaufgang_2019.png\" class=\"attachment-full size-full\" alt=\"\" aria-describedby=\"gallery-1-1029\" srcset=\"https:\/\/arge-nord.com\/wp-content\/uploads\/2020\/01\/Folie_Kompost_Feldaufgang_2019.png 960w, https:\/\/arge-nord.com\/wp-content\/uploads\/2020\/01\/Folie_Kompost_Feldaufgang_2019-300x169.png 300w, https:\/\/arge-nord.com\/wp-content\/uploads\/2020\/01\/Folie_Kompost_Feldaufgang_2019-768x432.png 768w\" sizes=\"(max-width: 960px) 100vw, 960px\" \/><\/a>\n\t\t\t<\/div>\n\t\t\t\t<figcaption class='wp-caption-text gallery-caption' id='gallery-1-1029'>\n\t\t\t\tFeldaufgang Kompost 2019\n\t\t\t\t<\/figcaption><\/figure><figure class='gallery-item'>\n\t\t\t<div class='gallery-icon landscape'>\n\t\t\t\t<a href='https:\/\/arge-nord.com\/wp-content\/uploads\/2020\/01\/Folie_Kompost_Anzahl-R\u00fcben_2019.png' title=\"Anzahl R\u00fcben zur 3. Bonitur\" data-rl_title=\"Anzahl R\u00fcben zur 3. Bonitur\" class=\"rl-gallery-link\" data-rl_caption=\"\" data-rel=\"lightbox-gallery-1\"><img loading=\"lazy\" decoding=\"async\" width=\"960\" height=\"540\" src=\"https:\/\/arge-nord.com\/wp-content\/uploads\/2020\/01\/Folie_Kompost_Anzahl-R\u00fcben_2019.png\" class=\"attachment-full size-full\" alt=\"\" aria-describedby=\"gallery-1-1030\" srcset=\"https:\/\/arge-nord.com\/wp-content\/uploads\/2020\/01\/Folie_Kompost_Anzahl-R\u00fcben_2019.png 960w, https:\/\/arge-nord.com\/wp-content\/uploads\/2020\/01\/Folie_Kompost_Anzahl-R\u00fcben_2019-300x169.png 300w, https:\/\/arge-nord.com\/wp-content\/uploads\/2020\/01\/Folie_Kompost_Anzahl-R\u00fcben_2019-768x432.png 768w\" sizes=\"(max-width: 960px) 100vw, 960px\" \/><\/a>\n\t\t\t<\/div>\n\t\t\t\t<figcaption class='wp-caption-text gallery-caption' id='gallery-1-1030'>\n\t\t\t\tAnzahl R\u00fcben zur 3. Bonitur\n\t\t\t\t<\/figcaption><\/figure><figure class='gallery-item'>\n\t\t\t<div class='gallery-icon landscape'>\n\t\t\t\t<a href='https:\/\/arge-nord.com\/wp-content\/uploads\/2020\/01\/Folie_Kompost_Anzahl-Unkr\u00e4uter_2019.png' title=\"Anzahl Unkr\u00e4uter bei 3. Bonitur\" data-rl_title=\"Anzahl Unkr\u00e4uter bei 3. Bonitur\" class=\"rl-gallery-link\" data-rl_caption=\"\" data-rel=\"lightbox-gallery-1\"><img loading=\"lazy\" decoding=\"async\" width=\"960\" height=\"540\" src=\"https:\/\/arge-nord.com\/wp-content\/uploads\/2020\/01\/Folie_Kompost_Anzahl-Unkr\u00e4uter_2019.png\" class=\"attachment-full size-full\" alt=\"\" aria-describedby=\"gallery-1-1026\" srcset=\"https:\/\/arge-nord.com\/wp-content\/uploads\/2020\/01\/Folie_Kompost_Anzahl-Unkr\u00e4uter_2019.png 960w, https:\/\/arge-nord.com\/wp-content\/uploads\/2020\/01\/Folie_Kompost_Anzahl-Unkr\u00e4uter_2019-300x169.png 300w, https:\/\/arge-nord.com\/wp-content\/uploads\/2020\/01\/Folie_Kompost_Anzahl-Unkr\u00e4uter_2019-768x432.png 768w\" sizes=\"(max-width: 960px) 100vw, 960px\" \/><\/a>\n\t\t\t<\/div>\n\t\t\t\t<figcaption class='wp-caption-text gallery-caption' id='gallery-1-1026'>\n\t\t\t\tAnzahl Unkr\u00e4uter bei 3. Bonitur\n\t\t\t\t<\/figcaption><\/figure><figure class='gallery-item'>\n\t\t\t<div class='gallery-icon landscape'>\n\t\t\t\t<a href='https:\/\/arge-nord.com\/wp-content\/uploads\/2020\/01\/Folie_Kompost_Kirchweyhe_Anzahl-Unkr\u00e4uter_Arten_2019.png' title=\"Unkrautarten Kirchweyhe 2019\" data-rl_title=\"Unkrautarten Kirchweyhe 2019\" class=\"rl-gallery-link\" data-rl_caption=\"\" data-rel=\"lightbox-gallery-1\"><img loading=\"lazy\" decoding=\"async\" width=\"960\" height=\"540\" src=\"https:\/\/arge-nord.com\/wp-content\/uploads\/2020\/01\/Folie_Kompost_Kirchweyhe_Anzahl-Unkr\u00e4uter_Arten_2019.png\" class=\"attachment-full size-full\" alt=\"\" aria-describedby=\"gallery-1-1027\" srcset=\"https:\/\/arge-nord.com\/wp-content\/uploads\/2020\/01\/Folie_Kompost_Kirchweyhe_Anzahl-Unkr\u00e4uter_Arten_2019.png 960w, https:\/\/arge-nord.com\/wp-content\/uploads\/2020\/01\/Folie_Kompost_Kirchweyhe_Anzahl-Unkr\u00e4uter_Arten_2019-300x169.png 300w, https:\/\/arge-nord.com\/wp-content\/uploads\/2020\/01\/Folie_Kompost_Kirchweyhe_Anzahl-Unkr\u00e4uter_Arten_2019-768x432.png 768w\" sizes=\"(max-width: 960px) 100vw, 960px\" \/><\/a>\n\t\t\t<\/div>\n\t\t\t\t<figcaption class='wp-caption-text gallery-caption' id='gallery-1-1027'>\n\t\t\t\tUnkrautarten Kirchweyhe 2019\n\t\t\t\t<\/figcaption><\/figure><figure class='gallery-item'>\n\t\t\t<div class='gallery-icon landscape'>\n\t\t\t\t<a href='https:\/\/arge-nord.com\/wp-content\/uploads\/2020\/01\/Folie_Kompost_W\u00e4tzum_Anzahl_Unkr\u00e4uter_Arten_2019.png' title=\"Unkrautarten W\u00e4tzum 2019\" data-rl_title=\"Unkrautarten W\u00e4tzum 2019\" class=\"rl-gallery-link\" data-rl_caption=\"\" data-rel=\"lightbox-gallery-1\"><img loading=\"lazy\" decoding=\"async\" width=\"960\" height=\"540\" src=\"https:\/\/arge-nord.com\/wp-content\/uploads\/2020\/01\/Folie_Kompost_W\u00e4tzum_Anzahl_Unkr\u00e4uter_Arten_2019.png\" class=\"attachment-full size-full\" alt=\"\" aria-describedby=\"gallery-1-1028\" srcset=\"https:\/\/arge-nord.com\/wp-content\/uploads\/2020\/01\/Folie_Kompost_W\u00e4tzum_Anzahl_Unkr\u00e4uter_Arten_2019.png 960w, https:\/\/arge-nord.com\/wp-content\/uploads\/2020\/01\/Folie_Kompost_W\u00e4tzum_Anzahl_Unkr\u00e4uter_Arten_2019-300x169.png 300w, https:\/\/arge-nord.com\/wp-content\/uploads\/2020\/01\/Folie_Kompost_W\u00e4tzum_Anzahl_Unkr\u00e4uter_Arten_2019-768x432.png 768w\" sizes=\"(max-width: 960px) 100vw, 960px\" \/><\/a>\n\t\t\t<\/div>\n\t\t\t\t<figcaption class='wp-caption-text gallery-caption' id='gallery-1-1028'>\n\t\t\t\tUnkrautarten W\u00e4tzum 2019\n\t\t\t\t<\/figcaption><\/figure>\n\t\t<\/div>\n\n","protected":false},"excerpt":{"rendered":"<p>In Zusammenarbeit mit dem Julius-K\u00fchn-Institut, Abteilung Herbologie und der Nordzucker AG wurde an zwei Standorten &#8211; Kirchwehye (LK Uelzen) und W\u00e4tzum (LK Hildesheim) &#8211; ein Versuch zur Unkrautunterdr\u00fcckung durch Aufbringen eines Kompostbandes auf die Saatreihe angelegt. Bei der Fl\u00e4che in W\u00e4tzum handelt es sich um eine \u00f6kologisch, in Kirchweyhe um eine konventionell bewirtschaftete Fl\u00e4che. Ziel&#8230;<\/p>\n","protected":false},"author":2,"featured_media":1025,"comment_status":"closed","ping_status":"closed","sticky":false,"template":"","format":"standard","meta":{"footnotes":""},"categories":[19],"tags":[148,144,145,146,147,142,143],"_links":{"self":[{"href":"https:\/\/www.arge-nord.de\/index.php?rest_route=\/wp\/v2\/posts\/1021"}],"collection":[{"href":"https:\/\/www.arge-nord.de\/index.php?rest_route=\/wp\/v2\/posts"}],"about":[{"href":"https:\/\/www.arge-nord.de\/index.php?rest_route=\/wp\/v2\/types\/post"}],"author":[{"embeddable":true,"href":"https:\/\/www.arge-nord.de\/index.php?rest_route=\/wp\/v2\/users\/2"}],"replies":[{"embeddable":true,"href":"https:\/\/www.arge-nord.de\/index.php?rest_route=%2Fwp%2Fv2%2Fcomments&post=1021"}],"version-history":[{"count":9,"href":"https:\/\/www.arge-nord.de\/index.php?rest_route=\/wp\/v2\/posts\/1021\/revisions"}],"predecessor-version":[{"id":1144,"href":"https:\/\/www.arge-nord.de\/index.php?rest_route=\/wp\/v2\/posts\/1021\/revisions\/1144"}],"wp:featuredmedia":[{"embeddable":true,"href":"https:\/\/www.arge-nord.de\/index.php?rest_route=\/wp\/v2\/media\/1025"}],"wp:attachment":[{"href":"https:\/\/www.arge-nord.de\/index.php?rest_route=%2Fwp%2Fv2%2Fmedia&parent=1021"}],"wp:term":[{"taxonomy":"category","embeddable":true,"href":"https:\/\/www.arge-nord.de\/index.php?rest_route=%2Fwp%2Fv2%2Fcategories&post=1021"},{"taxonomy":"post_tag","embeddable":true,"href":"https:\/\/www.arge-nord.de\/index.php?rest_route=%2Fwp%2Fv2%2Ftags&post=1021"}],"curies":[{"name":"wp","href":"https:\/\/api.w.org\/{rel}","templated":true}]}}