{"id":1764,"date":"2020-07-14T14:50:25","date_gmt":"2020-07-14T14:50:25","guid":{"rendered":"http:\/\/www.arge-nord.com\/?p=1764"},"modified":"2020-07-15T07:32:04","modified_gmt":"2020-07-15T07:32:04","slug":"wechsel-im-vorstand-der-arge-nord","status":"publish","type":"post","link":"https:\/\/www.arge-nord.de\/?p=1764","title":{"rendered":"Wechsel im Vorstand der ARGE NORD"},"content":{"rendered":"<p>Gut 15 Jahre lang hat Frank Jeche die ARGE NORD begleitet und intensiv im Vorstand zur Entwicklung des Vereins, aber auch des Zuckerr\u00fcbenanbaus in Norddeutschland, beigetragen. In dieser Zeit ist viel passiert: Von der Einf\u00fchrung nematodentoleranter Sorten \u00fcber den Wegfall der Neonicotinoide bis hin zur Bek\u00e4mpfung der Spie\u00dfbl\u00e4ttrigen Melde kamen immer wieder neue Herausforderungen hinzu, die es zu meistern galt. Mit seinem gro\u00dfen Engagement und fachlichem Know-How hat Herr Jeche die Vorstandsarbeit bereichert und wusste sich und nat\u00fcrlich seine Region, Schleswig-Holstein, stets einzubringen. Wir bedanken uns bei ihm ganz herzlich f\u00fcr die geleistete Arbeit.<\/p>\n<p>Nachfolger von Herrn Jeche wird Thilo Hahnkemeyer. Herr Hahnkemeyer ist im Unternehmen der Nordzucker AG verantwortlich f\u00fcr den \u00d6kor\u00fcbenanbau. Wir freuen uns auf eine gute und produktive Zusammenarbeit.<\/p>\n<p>Turnusgem\u00e4\u00df gab es auch eine \u00c4nderung im Vorsitz des ARGE NORD Vorstands. Den Vorsitz hat nun Herr Peter Geffert inne, Andreas Windt wurde als stellvertretender Vorsitzender gew\u00e4hlt.<\/p>\n<p>Vorstand und Gesch\u00e4ftsf\u00fchrung setzen sich nun wie folgt zusammen (Bild von links unten nach rechts):<\/p>\n<p>Dr. Andreas Windt (NZ), Peter Geffert (ZAV), Stephen Baumgarten (ARGE NORD), Dirk Wollenweber (ZAV), Georg Sander (NZ), Thilo Hahnkemeyer (NZ), Dr. Holger Kreye (ZAV), Dr. Heinrich-Hubertus Helmke (DNZ), Frank Kn\u00e4lmann (NZ)<\/p>\n<p><a href=\"http:\/\/www.arge-nord.com\/?attachment_id=1770\" rel=\"attachment wp-att-1770\"><img loading=\"lazy\" decoding=\"async\" class=\"aligncenter size-large wp-image-1770\" src=\"http:\/\/www.arge-nord.com\/wordpress\/wp-content\/uploads\/2020\/07\/Vorstand3-825x1024.jpg\" alt=\"\" width=\"825\" height=\"1024\" srcset=\"https:\/\/arge-nord.com\/wp-content\/uploads\/2020\/07\/Vorstand3-825x1024.jpg 825w, https:\/\/arge-nord.com\/wp-content\/uploads\/2020\/07\/Vorstand3-242x300.jpg 242w, https:\/\/arge-nord.com\/wp-content\/uploads\/2020\/07\/Vorstand3-768x954.jpg 768w, https:\/\/arge-nord.com\/wp-content\/uploads\/2020\/07\/Vorstand3-1237x1536.jpg 1237w, https:\/\/arge-nord.com\/wp-content\/uploads\/2020\/07\/Vorstand3-1649x2048.jpg 1649w\" sizes=\"(max-width: 825px) 100vw, 825px\" \/><\/a><\/p>\n<p>&nbsp;<\/p>\n","protected":false},"excerpt":{"rendered":"<p>Gut 15 Jahre lang hat Frank Jeche die ARGE NORD begleitet und intensiv im Vorstand zur Entwicklung des Vereins, aber auch des Zuckerr\u00fcbenanbaus in Norddeutschland, beigetragen. In dieser Zeit ist viel passiert: Von der Einf\u00fchrung nematodentoleranter Sorten \u00fcber den Wegfall der Neonicotinoide bis hin zur Bek\u00e4mpfung der Spie\u00dfbl\u00e4ttrigen Melde kamen immer wieder neue Herausforderungen hinzu,&#8230;<\/p>\n","protected":false},"author":2,"featured_media":1765,"comment_status":"closed","ping_status":"closed","sticky":false,"template":"","format":"standard","meta":{"footnotes":""},"categories":[4],"tags":[],"_links":{"self":[{"href":"https:\/\/www.arge-nord.de\/index.php?rest_route=\/wp\/v2\/posts\/1764"}],"collection":[{"href":"https:\/\/www.arge-nord.de\/index.php?rest_route=\/wp\/v2\/posts"}],"about":[{"href":"https:\/\/www.arge-nord.de\/index.php?rest_route=\/wp\/v2\/types\/post"}],"author":[{"embeddable":true,"href":"https:\/\/www.arge-nord.de\/index.php?rest_route=\/wp\/v2\/users\/2"}],"replies":[{"embeddable":true,"href":"https:\/\/www.arge-nord.de\/index.php?rest_route=%2Fwp%2Fv2%2Fcomments&post=1764"}],"version-history":[{"count":8,"href":"https:\/\/www.arge-nord.de\/index.php?rest_route=\/wp\/v2\/posts\/1764\/revisions"}],"predecessor-version":[{"id":1775,"href":"https:\/\/www.arge-nord.de\/index.php?rest_route=\/wp\/v2\/posts\/1764\/revisions\/1775"}],"wp:featuredmedia":[{"embeddable":true,"href":"https:\/\/www.arge-nord.de\/index.php?rest_route=\/wp\/v2\/media\/1765"}],"wp:attachment":[{"href":"https:\/\/www.arge-nord.de\/index.php?rest_route=%2Fwp%2Fv2%2Fmedia&parent=1764"}],"wp:term":[{"taxonomy":"category","embeddable":true,"href":"https:\/\/www.arge-nord.de\/index.php?rest_route=%2Fwp%2Fv2%2Fcategories&post=1764"},{"taxonomy":"post_tag","embeddable":true,"href":"https:\/\/www.arge-nord.de\/index.php?rest_route=%2Fwp%2Fv2%2Ftags&post=1764"}],"curies":[{"name":"wp","href":"https:\/\/api.w.org\/{rel}","templated":true}]}}