{"id":1849,"date":"2021-01-14T10:32:40","date_gmt":"2021-01-14T10:32:40","guid":{"rendered":"http:\/\/www.arge-nord.com\/?p=1849"},"modified":"2021-01-14T10:32:40","modified_gmt":"2021-01-14T10:32:40","slug":"mu-aphanomyces-hankensbuettel-masel-2020","status":"publish","type":"post","link":"https:\/\/www.arge-nord.de\/?p=1849","title":{"rendered":"MU Aphanomyces (Hankensb\u00fcttel, Masel) 2020"},"content":{"rendered":"<p>Aphanomyces oder auch G\u00fcrtelschorf genannt ist keine neue Krankheit im Zuckerr\u00fcbenanbau. Dennoch treten j\u00e4hrliche Schwankungen in der Befallsh\u00e4ufigkeit und -st\u00e4rke auf. Bezeichnend sind die Einschn\u00fcrungen am R\u00fcbenk\u00f6rper, die durch die Krankheit entstehen. Vor allem der Wasserhaushalt des Bodens ist f\u00fcr das Aphanomyces-Auftreten entscheidend. Hohe Niederschlagsmengen im sp\u00e4ten Fr\u00fchjahr bzw. fr\u00fchen Sommer f\u00fchren oftmals zu einem erh\u00f6hten Befall. Ebenfalls sind standortbedingte Unterschiede erkennbar. An Standorten mit niedrigeren pH-Werten, wie sie h\u00e4ufig an sandigeren Standorten vorherrschen, kommt es zu einen st\u00e4rkeren Befall an Aphanomyces als an schwereren Standorten mit h\u00f6heren pH-Werten.<\/p>\n<p>Da es hinsichtlich der Anf\u00e4lligkeit gegen\u00fcber Aphanomyces Sortenunterschiede gibt, wurden auch in diesem Jahr spezielle Sortenversuche dazu durchgef\u00fchrt. An zwei Standorten, Hankensb\u00fcttel und Masel (s\u00fcdlich von Uelzen), wurden die neuen Sorten des aktuellen Jahren sowie die des vergangenen Jahres auf ihre Anf\u00e4lligkeit gegen\u00fcber Aphanomyces getestet.<\/p>\n<p>Zur F\u00f6rderung des Befalls von G\u00fcrtelschorf wurden die beiden Versuche zum Reihenschluss mit ca. 100 mm beregnet. Au\u00dferdem wurde R\u00fcbe nach R\u00fcbe angebaut, um auch dadurch den Befallsdruck zu erh\u00f6hen. W\u00e4hrend des weiteren Vegetationsverlaufes erfolgte die Kontrolle auf Pflanzenverluste beziehungsweise Symptomauspr\u00e4gungen. Nach der Ernte wurden beide Versuche im R\u00fcPro Uelzen durch die ARGE NORD e.V. auf die Symptomauspr\u00e4gung am R\u00fcbenk\u00f6rper bonitiert.<\/p>\n<p>Zum Vergleich laufen immer zwei als anf\u00e4llig bekannte Sorten und zwei als wenig anf\u00e4llige Sorten im Aphanomyces-Versuch mit. Die Vergleichssorten im Versuchsjahr 2020 sind die Sorten BTS 2385 und Pavo (anf\u00e4llig) sowie BTS 6000 RHC und Thaddea KWS (wenig anf\u00e4llig).<br \/>\nDer diesj\u00e4hrige Sortenvergleich hinsichtlich der Anf\u00e4lligkeit gegen\u00fcber Aphanomyces im Mittel \u00fcber beide Versuchsstandorte zeigt, dass die Sorten Thaddea KWS, Wilson und Orpheus sowie Jellera KWS wenig anf\u00e4llig gegen\u00fcber Aphanomyces sind. Die Sorten BTS 2385 (anf\u00e4llige Vergleichssorte) und Caprianna KWS zeigen sich anf\u00e4lliger gegen\u00fcber Aphanomyces. Zu betonen ist abschlie\u00dfend, dass in 2020 insgesamt kein starker Befallsdruck beobachtet werden konnte. Dennoch zeigen sich Sortenunterschiede. Die Versuche zur Anf\u00e4lligkeit gegen\u00fcber Aphanomyces werden auch im kommenden Versuchsjahr 2021 fortgef\u00fchrt.<\/p>\n<div id='gallery-1' class='gallery galleryid-1849 gallery-columns-3 gallery-size-full'><figure class='gallery-item'>\n\t\t\t<div class='gallery-icon landscape'>\n\t\t\t\t<a href='https:\/\/arge-nord.com\/wp-content\/uploads\/2021\/01\/Aphanomyces2020Bonitur.png' title=\"Boniturschema\" data-rl_title=\"Boniturschema\" class=\"rl-gallery-link\" data-rl_caption=\"\" data-rel=\"lightbox-gallery-1\"><img loading=\"lazy\" decoding=\"async\" width=\"1280\" height=\"720\" src=\"https:\/\/arge-nord.com\/wp-content\/uploads\/2021\/01\/Aphanomyces2020Bonitur.png\" class=\"attachment-full size-full\" alt=\"\" aria-describedby=\"gallery-1-1855\" srcset=\"https:\/\/arge-nord.com\/wp-content\/uploads\/2021\/01\/Aphanomyces2020Bonitur.png 1280w, https:\/\/arge-nord.com\/wp-content\/uploads\/2021\/01\/Aphanomyces2020Bonitur-300x169.png 300w, https:\/\/arge-nord.com\/wp-content\/uploads\/2021\/01\/Aphanomyces2020Bonitur-1024x576.png 1024w, https:\/\/arge-nord.com\/wp-content\/uploads\/2021\/01\/Aphanomyces2020Bonitur-768x432.png 768w\" sizes=\"(max-width: 1280px) 100vw, 1280px\" \/><\/a>\n\t\t\t<\/div>\n\t\t\t\t<figcaption class='wp-caption-text gallery-caption' id='gallery-1-1855'>\n\t\t\t\tBoniturschema\n\t\t\t\t<\/figcaption><\/figure><figure class='gallery-item'>\n\t\t\t<div class='gallery-icon landscape'>\n\t\t\t\t<a href='https:\/\/arge-nord.com\/wp-content\/uploads\/2021\/01\/Aphanomyces2020_Hankensb\u00fcttel.png' title=\"Ergebnis des Standortes Hankensb\u00fcttel 2020\" data-rl_title=\"Ergebnis des Standortes Hankensb\u00fcttel 2020\" class=\"rl-gallery-link\" data-rl_caption=\"\" data-rel=\"lightbox-gallery-1\"><img loading=\"lazy\" decoding=\"async\" width=\"1280\" height=\"720\" src=\"https:\/\/arge-nord.com\/wp-content\/uploads\/2021\/01\/Aphanomyces2020_Hankensb\u00fcttel.png\" class=\"attachment-full size-full\" alt=\"\" aria-describedby=\"gallery-1-1852\" srcset=\"https:\/\/arge-nord.com\/wp-content\/uploads\/2021\/01\/Aphanomyces2020_Hankensb\u00fcttel.png 1280w, https:\/\/arge-nord.com\/wp-content\/uploads\/2021\/01\/Aphanomyces2020_Hankensb\u00fcttel-300x169.png 300w, https:\/\/arge-nord.com\/wp-content\/uploads\/2021\/01\/Aphanomyces2020_Hankensb\u00fcttel-1024x576.png 1024w, https:\/\/arge-nord.com\/wp-content\/uploads\/2021\/01\/Aphanomyces2020_Hankensb\u00fcttel-768x432.png 768w\" sizes=\"(max-width: 1280px) 100vw, 1280px\" \/><\/a>\n\t\t\t<\/div>\n\t\t\t\t<figcaption class='wp-caption-text gallery-caption' id='gallery-1-1852'>\n\t\t\t\tErgebnis des Standortes Hankensb\u00fcttel 2020\n\t\t\t\t<\/figcaption><\/figure><figure class='gallery-item'>\n\t\t\t<div class='gallery-icon landscape'>\n\t\t\t\t<a href='https:\/\/arge-nord.com\/wp-content\/uploads\/2021\/01\/Aphanomyces2020_Masel.png' title=\"Ergebnis des Standortes Masel 2020\" data-rl_title=\"Ergebnis des Standortes Masel 2020\" class=\"rl-gallery-link\" data-rl_caption=\"\" data-rel=\"lightbox-gallery-1\"><img loading=\"lazy\" decoding=\"async\" width=\"1280\" height=\"720\" src=\"https:\/\/arge-nord.com\/wp-content\/uploads\/2021\/01\/Aphanomyces2020_Masel.png\" class=\"attachment-full size-full\" alt=\"\" aria-describedby=\"gallery-1-1853\" srcset=\"https:\/\/arge-nord.com\/wp-content\/uploads\/2021\/01\/Aphanomyces2020_Masel.png 1280w, https:\/\/arge-nord.com\/wp-content\/uploads\/2021\/01\/Aphanomyces2020_Masel-300x169.png 300w, https:\/\/arge-nord.com\/wp-content\/uploads\/2021\/01\/Aphanomyces2020_Masel-1024x576.png 1024w, https:\/\/arge-nord.com\/wp-content\/uploads\/2021\/01\/Aphanomyces2020_Masel-768x432.png 768w\" sizes=\"(max-width: 1280px) 100vw, 1280px\" \/><\/a>\n\t\t\t<\/div>\n\t\t\t\t<figcaption class='wp-caption-text gallery-caption' id='gallery-1-1853'>\n\t\t\t\tErgebnis des Standortes Masel 2020\n\t\t\t\t<\/figcaption><\/figure><figure class='gallery-item'>\n\t\t\t<div class='gallery-icon landscape'>\n\t\t\t\t<a href='https:\/\/arge-nord.com\/wp-content\/uploads\/2021\/01\/Aphanomyces2020_MittelOrte.png' title=\"Ergebnis \u00fcber beide Standorte (Hankensb\u00fcttel, Masel) 2020\" data-rl_title=\"Ergebnis \u00fcber beide Standorte (Hankensb\u00fcttel, Masel) 2020\" class=\"rl-gallery-link\" data-rl_caption=\"\" data-rel=\"lightbox-gallery-1\"><img loading=\"lazy\" decoding=\"async\" width=\"1280\" height=\"720\" src=\"https:\/\/arge-nord.com\/wp-content\/uploads\/2021\/01\/Aphanomyces2020_MittelOrte.png\" class=\"attachment-full size-full\" alt=\"\" aria-describedby=\"gallery-1-1854\" srcset=\"https:\/\/arge-nord.com\/wp-content\/uploads\/2021\/01\/Aphanomyces2020_MittelOrte.png 1280w, https:\/\/arge-nord.com\/wp-content\/uploads\/2021\/01\/Aphanomyces2020_MittelOrte-300x169.png 300w, https:\/\/arge-nord.com\/wp-content\/uploads\/2021\/01\/Aphanomyces2020_MittelOrte-1024x576.png 1024w, https:\/\/arge-nord.com\/wp-content\/uploads\/2021\/01\/Aphanomyces2020_MittelOrte-768x432.png 768w\" sizes=\"(max-width: 1280px) 100vw, 1280px\" \/><\/a>\n\t\t\t<\/div>\n\t\t\t\t<figcaption class='wp-caption-text gallery-caption' id='gallery-1-1854'>\n\t\t\t\tErgebnis \u00fcber beide Standorte (Hankensb\u00fcttel, Masel) 2020\n\t\t\t\t<\/figcaption><\/figure>\n\t\t<\/div>\n\n<p>&nbsp;<\/p>\n","protected":false},"excerpt":{"rendered":"<p>Aphanomyces oder auch G\u00fcrtelschorf genannt ist keine neue Krankheit im Zuckerr\u00fcbenanbau. Dennoch treten j\u00e4hrliche Schwankungen in der Befallsh\u00e4ufigkeit und -st\u00e4rke auf. Bezeichnend sind die Einschn\u00fcrungen am R\u00fcbenk\u00f6rper, die durch die Krankheit entstehen. Vor allem der Wasserhaushalt des Bodens ist f\u00fcr das Aphanomyces-Auftreten entscheidend. Hohe Niederschlagsmengen im sp\u00e4ten Fr\u00fchjahr bzw. fr\u00fchen Sommer f\u00fchren oftmals zu einem&#8230;<\/p>\n","protected":false},"author":2,"featured_media":1851,"comment_status":"closed","ping_status":"closed","sticky":false,"template":"","format":"gallery","meta":{"footnotes":""},"categories":[24],"tags":[280,153,149,61,284,325,150,326,324,328,290,53,329,327,323,287],"_links":{"self":[{"href":"https:\/\/www.arge-nord.de\/index.php?rest_route=\/wp\/v2\/posts\/1849"}],"collection":[{"href":"https:\/\/www.arge-nord.de\/index.php?rest_route=\/wp\/v2\/posts"}],"about":[{"href":"https:\/\/www.arge-nord.de\/index.php?rest_route=\/wp\/v2\/types\/post"}],"author":[{"embeddable":true,"href":"https:\/\/www.arge-nord.de\/index.php?rest_route=\/wp\/v2\/users\/2"}],"replies":[{"embeddable":true,"href":"https:\/\/www.arge-nord.de\/index.php?rest_route=%2Fwp%2Fv2%2Fcomments&post=1849"}],"version-history":[{"count":7,"href":"https:\/\/www.arge-nord.de\/index.php?rest_route=\/wp\/v2\/posts\/1849\/revisions"}],"predecessor-version":[{"id":1957,"href":"https:\/\/www.arge-nord.de\/index.php?rest_route=\/wp\/v2\/posts\/1849\/revisions\/1957"}],"wp:featuredmedia":[{"embeddable":true,"href":"https:\/\/www.arge-nord.de\/index.php?rest_route=\/wp\/v2\/media\/1851"}],"wp:attachment":[{"href":"https:\/\/www.arge-nord.de\/index.php?rest_route=%2Fwp%2Fv2%2Fmedia&parent=1849"}],"wp:term":[{"taxonomy":"category","embeddable":true,"href":"https:\/\/www.arge-nord.de\/index.php?rest_route=%2Fwp%2Fv2%2Fcategories&post=1849"},{"taxonomy":"post_tag","embeddable":true,"href":"https:\/\/www.arge-nord.de\/index.php?rest_route=%2Fwp%2Fv2%2Ftags&post=1849"}],"curies":[{"name":"wp","href":"https:\/\/api.w.org\/{rel}","templated":true}]}}