{"id":2308,"date":"2021-12-10T07:55:43","date_gmt":"2021-12-10T07:55:43","guid":{"rendered":"http:\/\/www.arge-nord.com\/?p=2308"},"modified":"2021-12-17T08:01:46","modified_gmt":"2021-12-17T08:01:46","slug":"ruebenanbau-kompakt-spannende-informationen-zum-ruebenanbau","status":"publish","type":"post","link":"https:\/\/www.arge-nord.de\/?p=2308","title":{"rendered":"R\u00fcbenanbau kompakt: Spannende Informationen zum R\u00fcbenanbau"},"content":{"rendered":"<p>Gemeinsam mit den Zuckerr\u00fcbenanbauerverb\u00e4nden, der Nordzucker und der Landwirtschaftskammer laden wir Sie herzlich zu Veranstaltungen der Reihe \u201eR\u00fcbenanbau-Kompakt\u201c ein.<\/p>\n<p>Mit diesen Veranstaltungen bieten wir Ihnen kompakte Spezialinformationen zu Fachthemen des Zuckerr\u00fcbenanbaus aus erster Hand.<\/p>\n<p><em>Die Veranstaltungen laufen als Teams Webinar. Daf\u00fcr ist eine Registrierung notwendig. Beim Klick auf den Link startet ein Fenster,\u00a0 in dem Sie Name, Vorname und eine Mailadresse eintragen k\u00f6nnen.\u00a0 Nachdem Sie auf &#8222;jetzt registrieren&#8220; geklickt haben, erhalten Sie eine E-Mail von Microsoft Teams. In dieser Mail finden Sie einen Link, der Sie zur Veranstaltung f\u00fchrt.<\/em><\/p>\n<p><strong><u>Montag, 20.12.2021, 9:00 Uhr, Online<\/u><\/strong><\/p>\n<p><strong>\u201eOhne gute Wurzeln wird es nix &#8211; was tun gegen Rizomania und G\u00fcrtelschorf?\u201c<\/strong><\/p>\n<ul>\n<li>Rizomania ein altes Problem &#8211; durch Resistenzbruch wieder aktuell?<br \/>\n<em> Kathrin Bornemann, Nordzucker AG<\/em><\/li>\n<li>Resistenzbruch bei Rizomania \u2013 welche Sorten passen dann?<br \/>\n<em> Andreas Windt, Nordzucker AG<\/em><\/li>\n<li>G\u00fcrtelschorf \u2013 eine Krankheit nach feuchtem Fr\u00fchjahr. Welche Sorten sind robust?<br \/>\n<em>Judith Berger, ARGE NORD<\/em><\/li>\n<\/ul>\n<p>Moderation durch Christina Heidkamp-Heineke, Zuckerr\u00fcbenanbauerverb\u00e4nde, Hildesheim<\/p>\n<p><a href=\"https:\/\/teams.microsoft.com\/registration\/IcYFOuX4mUS_GzEhuA7Ztg,NiqslxO9akaS7uYn6Nt5Sw,ldWQcSmP9EKOoOBqW9TCew,rCAvBoQlWEm8tNjH-Hv0qQ,Y_Sc7Z7kZ0aSI7Ti3ktHtg,RCsoVsYrKECZ7vQENNw_bw?mode=read&amp;tenantId=3a05c621-f8e5-4499-bf1b-3121b80ed9b6\"><strong>Zur Teilnahme an der Onlineveranstaltung &#8222;Rizomania und G\u00fcrtelschorf&#8220; hier klicken<\/strong><\/a><\/p>\n<p>&nbsp;<\/p>\n<p><strong><u>Montag, 20.12.2021, 11:00 Uhr, Online<\/u><\/strong><\/p>\n<p><strong>\u201eBlattkrankheiten in Zuckerr\u00fcben &#8211; was hilft \u00fcberhaupt noch?\u201c<\/strong><\/p>\n<ul>\n<li>Auftreten von Blattkrankheiten in 2021 \u2013 Sorteneffekte und Fungizidleistungen.<br \/>\n<em> Hendrik Hanekamp, Landwirtschaftskammer Niedersachsen<\/em><\/li>\n<li>Ertrag und Qualit\u00e4t von Zuckerr\u00fcben bei unterschiedlichem Fungizideinsatz unter Ber\u00fccksichtigung der Sorte.<br \/>\n<em>Stephen Baumgarten, ARGE NORD<\/em><\/li>\n<li>Wirksame pflanzenbauliche Ma\u00dfnahmen zur Verminderung von Blattkrankheiten &#8211; erste Ergebnisse aus der Umfrage zu Blattkrankheiten.<br \/>\n<em>Frithjof Pape, Nordzucker AG<\/em><\/li>\n<\/ul>\n<p>Moderation durch Dr. Clemens Becker, Zuckerr\u00fcbenanbauerverband Niedersachsen-Mitte e.V.<\/p>\n<p><a href=\"https:\/\/teams.microsoft.com\/registration\/IcYFOuX4mUS_GzEhuA7Ztg,NiqslxO9akaS7uYn6Nt5Sw,ldWQcSmP9EKOoOBqW9TCew,iRPy109Bp0OOIZbBbimRdw,fZ9-KragW0e2yljuTFq0Iw,3MsTdaXyWEicf3-kZewE8A?mode=read&amp;tenantId=3a05c621-f8e5-4499-bf1b-3121b80ed9b6\"><strong>Zur Teilnahme an der Onlineveranstaltung &#8222;Blattkrankheiten in Zuckerr\u00fcben&#8220; hier klicken<\/strong><\/a><\/p>\n<p>Wir freuen uns auf zahlreiche Besucher und eine rege Diskussion.<\/p>\n","protected":false},"excerpt":{"rendered":"<p>Gemeinsam mit den Zuckerr\u00fcbenanbauerverb\u00e4nden, der Nordzucker und der Landwirtschaftskammer laden wir Sie herzlich zu Veranstaltungen der Reihe \u201eR\u00fcbenanbau-Kompakt\u201c ein. Mit diesen Veranstaltungen bieten wir Ihnen kompakte Spezialinformationen zu Fachthemen des Zuckerr\u00fcbenanbaus aus erster Hand. Die Veranstaltungen laufen als Teams Webinar. Daf\u00fcr ist eine Registrierung notwendig. Beim Klick auf den Link startet ein Fenster,\u00a0 in dem&#8230;<\/p>\n","protected":false},"author":2,"featured_media":0,"comment_status":"closed","ping_status":"closed","sticky":false,"template":"","format":"standard","meta":{"footnotes":""},"categories":[4],"tags":[],"_links":{"self":[{"href":"https:\/\/www.arge-nord.de\/index.php?rest_route=\/wp\/v2\/posts\/2308"}],"collection":[{"href":"https:\/\/www.arge-nord.de\/index.php?rest_route=\/wp\/v2\/posts"}],"about":[{"href":"https:\/\/www.arge-nord.de\/index.php?rest_route=\/wp\/v2\/types\/post"}],"author":[{"embeddable":true,"href":"https:\/\/www.arge-nord.de\/index.php?rest_route=\/wp\/v2\/users\/2"}],"replies":[{"embeddable":true,"href":"https:\/\/www.arge-nord.de\/index.php?rest_route=%2Fwp%2Fv2%2Fcomments&post=2308"}],"version-history":[{"count":8,"href":"https:\/\/www.arge-nord.de\/index.php?rest_route=\/wp\/v2\/posts\/2308\/revisions"}],"predecessor-version":[{"id":2317,"href":"https:\/\/www.arge-nord.de\/index.php?rest_route=\/wp\/v2\/posts\/2308\/revisions\/2317"}],"wp:attachment":[{"href":"https:\/\/www.arge-nord.de\/index.php?rest_route=%2Fwp%2Fv2%2Fmedia&parent=2308"}],"wp:term":[{"taxonomy":"category","embeddable":true,"href":"https:\/\/www.arge-nord.de\/index.php?rest_route=%2Fwp%2Fv2%2Fcategories&post=2308"},{"taxonomy":"post_tag","embeddable":true,"href":"https:\/\/www.arge-nord.de\/index.php?rest_route=%2Fwp%2Fv2%2Ftags&post=2308"}],"curies":[{"name":"wp","href":"https:\/\/api.w.org\/{rel}","templated":true}]}}