{"id":2651,"date":"2022-02-23T12:22:47","date_gmt":"2022-02-23T12:22:47","guid":{"rendered":"http:\/\/www.arge-nord.com\/?p=2651"},"modified":"2022-02-23T12:58:32","modified_gmt":"2022-02-23T12:58:32","slug":"videos-online-duengung-unkrautbekaempfung-2022","status":"publish","type":"post","link":"https:\/\/www.arge-nord.de\/?p=2651","title":{"rendered":"Videos online: D\u00fcngung &#038; Unkrautbek\u00e4mpfung 2022"},"content":{"rendered":"<p>Am 15.02.2022 ging es in der Reihe R\u00fcbenanbau kompakt, die gemeinsam von den Zuckerr\u00fcbenanbauer-Verb\u00e4nden, der ARGE NORD, der Nordzucker und der Landwirtschaftskammer gestaltet wird weiter.<\/p>\n<p>Die kompakten Spezialinformationen zu Fachthemen des Zuckerr\u00fcbenanbaus behandeln in den folgenden Videos die Themen D\u00fcngung und Unkrautbek\u00e4mpfung f\u00fcr das Jahr 2022.<\/p>\n<p>Im Ersten Video \u201eNeue Rahmenbedingungen bei der D\u00fcnung \u2013 Was ist zu beachten?\u201c erwarten Sie die folgenden Inhalte:<\/p>\n<ul>\n<li><strong>Zwischenfruchtanbau \u2013 R\u00fcbenern\u00e4hrung beginnt nicht erst im Fr\u00fchjahr<\/strong><em><br \/>\nAnnette Hoffmann, Landwirtschaftskammer Niedersachsen<\/em><\/li>\n<li><strong>Zuckerr\u00fcbend\u00fcngung \u2013 mineralisch und organisch zum Ziel<\/strong><em><br \/>\nGerald Burgdorf, Landwirtschaftskammer Niedersachsen<\/em><\/li>\n<li><strong>Praxistipps zur D\u00fcngung von Zuckerr\u00fcben<\/strong><em><br \/>\nFrithjof Pape, Nordzucker AgriCenter Schladen<\/em><\/li>\n<\/ul>\n<p><iframe loading=\"lazy\" title=\"FV 2022 D\u00fcngung\" width=\"500\" height=\"281\" src=\"https:\/\/www.youtube.com\/embed\/NGmFhHFqNdE?feature=oembed\" frameborder=\"0\" allow=\"accelerometer; autoplay; clipboard-write; encrypted-media; gyroscope; picture-in-picture\" allowfullscreen><\/iframe><\/p>\n<p>Im\u00a0 Video \u201eUnkrautbek\u00e4mpfung 2022 \u2013 Versuchsergebnisse und Empfehlungen\u201c sprechen Stephen Baumgarten<em>, ARGE NORD e.V. und <\/em><em>Ralf Wrede, Nordzucker AgriCenter Uelzen zu aktuellen Versuchsergebnissen und daraus resultierenden Empfehlungen.<\/em><\/p>\n<p>Bitte klicken Sie auf das jeweilige Bild &#8211; Sie werden zum Video auf Youtube weitergeleitet.<\/p>\n<p><iframe loading=\"lazy\" title=\"FV 2022 Herbizideinsatz\" width=\"500\" height=\"281\" src=\"https:\/\/www.youtube.com\/embed\/NMnxbgaoAUM?feature=oembed\" frameborder=\"0\" allow=\"accelerometer; autoplay; clipboard-write; encrypted-media; gyroscope; picture-in-picture\" allowfullscreen><\/iframe><\/p>\n","protected":false},"excerpt":{"rendered":"<p>Am 15.02.2022 ging es in der Reihe R\u00fcbenanbau kompakt, die gemeinsam von den Zuckerr\u00fcbenanbauer-Verb\u00e4nden, der ARGE NORD, der Nordzucker und der Landwirtschaftskammer gestaltet wird weiter. Die kompakten Spezialinformationen zu Fachthemen des Zuckerr\u00fcbenanbaus behandeln in den folgenden Videos die Themen D\u00fcngung und Unkrautbek\u00e4mpfung f\u00fcr das Jahr 2022. Im Ersten Video \u201eNeue Rahmenbedingungen bei der D\u00fcnung \u2013&#8230;<\/p>\n","protected":false},"author":2,"featured_media":0,"comment_status":"closed","ping_status":"closed","sticky":false,"template":"","format":"standard","meta":{"footnotes":""},"categories":[4],"tags":[],"_links":{"self":[{"href":"https:\/\/www.arge-nord.de\/index.php?rest_route=\/wp\/v2\/posts\/2651"}],"collection":[{"href":"https:\/\/www.arge-nord.de\/index.php?rest_route=\/wp\/v2\/posts"}],"about":[{"href":"https:\/\/www.arge-nord.de\/index.php?rest_route=\/wp\/v2\/types\/post"}],"author":[{"embeddable":true,"href":"https:\/\/www.arge-nord.de\/index.php?rest_route=\/wp\/v2\/users\/2"}],"replies":[{"embeddable":true,"href":"https:\/\/www.arge-nord.de\/index.php?rest_route=%2Fwp%2Fv2%2Fcomments&post=2651"}],"version-history":[{"count":3,"href":"https:\/\/www.arge-nord.de\/index.php?rest_route=\/wp\/v2\/posts\/2651\/revisions"}],"predecessor-version":[{"id":2655,"href":"https:\/\/www.arge-nord.de\/index.php?rest_route=\/wp\/v2\/posts\/2651\/revisions\/2655"}],"wp:attachment":[{"href":"https:\/\/www.arge-nord.de\/index.php?rest_route=%2Fwp%2Fv2%2Fmedia&parent=2651"}],"wp:term":[{"taxonomy":"category","embeddable":true,"href":"https:\/\/www.arge-nord.de\/index.php?rest_route=%2Fwp%2Fv2%2Fcategories&post=2651"},{"taxonomy":"post_tag","embeddable":true,"href":"https:\/\/www.arge-nord.de\/index.php?rest_route=%2Fwp%2Fv2%2Ftags&post=2651"}],"curies":[{"name":"wp","href":"https:\/\/api.w.org\/{rel}","templated":true}]}}