{"id":2696,"date":"2022-04-04T08:25:12","date_gmt":"2022-04-04T08:25:12","guid":{"rendered":"http:\/\/www.arge-nord.com\/?p=2696"},"modified":"2022-05-16T10:06:36","modified_gmt":"2022-05-16T10:06:36","slug":"stand-der-aussaat-2022","status":"publish","type":"post","link":"https:\/\/www.arge-nord.de\/?p=2696","title":{"rendered":"Stand der Aussaat 2022"},"content":{"rendered":"<p>In diesem Jahr wird die ARGE NORD an 23 Standorten im norddeutschen Raum Versuche anlegen.<\/p>\n<p>Sehr fr\u00fchzeitig, am 16. M\u00e4rz, haben wir in Tellmer im Landkreis L\u00fcneburg mit der Aussaat begonnen.<br \/>\nVon rund 3700 geplanten Parzellen sind &#8211; Stand heute &#8211; 2600 im Boden.<br \/>\nDies entspricht etwa 70 % unserer gesamten Versuche.<br \/>\nIn Tellmer sind bereits erste Zuckerr\u00fcben aufgelaufen und haben den Frost der letzten N\u00e4chte gut \u00fcberstanden.<\/p>\n<p>&nbsp;<\/p>\n","protected":false},"excerpt":{"rendered":"<p>In diesem Jahr wird die ARGE NORD an 23 Standorten im norddeutschen Raum Versuche anlegen. Sehr fr\u00fchzeitig, am 16. M\u00e4rz, haben wir in Tellmer im Landkreis L\u00fcneburg mit der Aussaat begonnen. Von rund 3700 geplanten Parzellen sind &#8211; Stand heute &#8211; 2600 im Boden. Dies entspricht etwa 70 % unserer gesamten Versuche. In Tellmer sind&#8230;<\/p>\n","protected":false},"author":2,"featured_media":2702,"comment_status":"closed","ping_status":"closed","sticky":false,"template":"","format":"standard","meta":{"footnotes":""},"categories":[4],"tags":[],"_links":{"self":[{"href":"https:\/\/www.arge-nord.de\/index.php?rest_route=\/wp\/v2\/posts\/2696"}],"collection":[{"href":"https:\/\/www.arge-nord.de\/index.php?rest_route=\/wp\/v2\/posts"}],"about":[{"href":"https:\/\/www.arge-nord.de\/index.php?rest_route=\/wp\/v2\/types\/post"}],"author":[{"embeddable":true,"href":"https:\/\/www.arge-nord.de\/index.php?rest_route=\/wp\/v2\/users\/2"}],"replies":[{"embeddable":true,"href":"https:\/\/www.arge-nord.de\/index.php?rest_route=%2Fwp%2Fv2%2Fcomments&post=2696"}],"version-history":[{"count":4,"href":"https:\/\/www.arge-nord.de\/index.php?rest_route=\/wp\/v2\/posts\/2696\/revisions"}],"predecessor-version":[{"id":2705,"href":"https:\/\/www.arge-nord.de\/index.php?rest_route=\/wp\/v2\/posts\/2696\/revisions\/2705"}],"wp:featuredmedia":[{"embeddable":true,"href":"https:\/\/www.arge-nord.de\/index.php?rest_route=\/wp\/v2\/media\/2702"}],"wp:attachment":[{"href":"https:\/\/www.arge-nord.de\/index.php?rest_route=%2Fwp%2Fv2%2Fmedia&parent=2696"}],"wp:term":[{"taxonomy":"category","embeddable":true,"href":"https:\/\/www.arge-nord.de\/index.php?rest_route=%2Fwp%2Fv2%2Fcategories&post=2696"},{"taxonomy":"post_tag","embeddable":true,"href":"https:\/\/www.arge-nord.de\/index.php?rest_route=%2Fwp%2Fv2%2Ftags&post=2696"}],"curies":[{"name":"wp","href":"https:\/\/api.w.org\/{rel}","templated":true}]}}