{"id":3124,"date":"2023-02-08T12:09:00","date_gmt":"2023-02-08T12:09:00","guid":{"rendered":"http:\/\/www.arge-nord.com\/?p=3124"},"modified":"2023-02-28T12:01:09","modified_gmt":"2023-02-28T12:01:09","slug":"expertengespraech-zuckerruebe-2022","status":"publish","type":"post","link":"https:\/\/www.arge-nord.de\/?p=3124","title":{"rendered":"Video: Expertengespr\u00e4ch Zuckerr\u00fcbe 2022"},"content":{"rendered":"<p><a href=\"http:\/\/www.arge-nord.com\/wordpress\/wp-content\/uploads\/2023\/02\/Titelbild-Expertengespraech-2022-Vergilbung.png\" data-rel=\"lightbox-image-0\" data-rl_title=\"\" data-rl_caption=\"\" title=\"\"><img loading=\"lazy\" decoding=\"async\" class=\"aligncenter size-large wp-image-3128\" src=\"http:\/\/www.arge-nord.com\/wordpress\/wp-content\/uploads\/2023\/02\/Titelbild-Expertengespraech-2022-Vergilbung-1024x471.png\" alt=\"\" width=\"1024\" height=\"471\" srcset=\"https:\/\/arge-nord.com\/wp-content\/uploads\/2023\/02\/Titelbild-Expertengespraech-2022-Vergilbung-1024x471.png 1024w, https:\/\/arge-nord.com\/wp-content\/uploads\/2023\/02\/Titelbild-Expertengespraech-2022-Vergilbung-300x138.png 300w, https:\/\/arge-nord.com\/wp-content\/uploads\/2023\/02\/Titelbild-Expertengespraech-2022-Vergilbung-768x353.png 768w, https:\/\/arge-nord.com\/wp-content\/uploads\/2023\/02\/Titelbild-Expertengespraech-2022-Vergilbung.png 1099w\" sizes=\"(max-width: 1024px) 100vw, 1024px\" \/><\/a><\/p>\n<p>Seit dem Wegfall der neonicotinoiden Saatgutbeize im Jahr 2019 ist die Bek\u00e4mpfung Virus-\u00fcbertragender Insekten in der Zuckerr\u00fcbe wieder ein wichtiges Thema f\u00fcr die Landwirte. Insbesondere der Gr\u00fcnen Pfirsichblattlaus als \u00dcbertr\u00e4ger Nr. 1 des Vergilbungsvirus-Komplex muss besondere Aufmerksamkeit in der Bestandesf\u00fchrung geschenkt werden.<\/p>\n<p>Im Land &amp; Forst Expertengespr\u00e4ch, unterst\u00fctzt von der Firma Strube, sprechen Agrarjournalist Christian M\u00fchlhausen mit Landwirt Axel Maushake aus Dobbeln im Landkreis Helmstedt, Produktmanager Zuckerr\u00fcbe Dr. Michael Stange von der Firma Strube und Stephen Baumgarten, Gesch\u00e4ftsf\u00fchrer der ARGE NORD e.V., \u00fcber die Problematik der Vir\u00f6sen Vergilbung.<\/p>\n<p>Welche L\u00f6sungsans\u00e4tze und Aussichten die Experten zur Eind\u00e4mmung der Vergilbung sehen erfahren Sie im folgenden Video:<\/p>\n<p><iframe loading=\"lazy\" title=\"Was tun gegen Vergilbungsviren? I LAND &amp; FORST I Expertengespr\u00e4ch\" width=\"500\" height=\"281\" src=\"https:\/\/www.youtube.com\/embed\/uESrzDKyVr0?feature=oembed\" frameborder=\"0\" allow=\"accelerometer; autoplay; clipboard-write; encrypted-media; gyroscope; picture-in-picture; web-share\" allowfullscreen><\/iframe><\/p>\n<p>&nbsp;<\/p>\n<p>&nbsp;<\/p>\n<p>&nbsp;<\/p>\n","protected":false},"excerpt":{"rendered":"<p>Seit dem Wegfall der neonicotinoiden Saatgutbeize im Jahr 2019 ist die Bek\u00e4mpfung Virus-\u00fcbertragender Insekten in der Zuckerr\u00fcbe wieder ein wichtiges Thema f\u00fcr die Landwirte. Insbesondere der Gr\u00fcnen Pfirsichblattlaus als \u00dcbertr\u00e4ger Nr. 1 des Vergilbungsvirus-Komplex muss besondere Aufmerksamkeit in der Bestandesf\u00fchrung geschenkt werden. Im Land &amp; Forst Expertengespr\u00e4ch, unterst\u00fctzt von der Firma Strube, sprechen Agrarjournalist Christian&#8230;<\/p>\n","protected":false},"author":2,"featured_media":0,"comment_status":"closed","ping_status":"closed","sticky":false,"template":"","format":"standard","meta":{"footnotes":""},"categories":[4],"tags":[],"_links":{"self":[{"href":"https:\/\/www.arge-nord.de\/index.php?rest_route=\/wp\/v2\/posts\/3124"}],"collection":[{"href":"https:\/\/www.arge-nord.de\/index.php?rest_route=\/wp\/v2\/posts"}],"about":[{"href":"https:\/\/www.arge-nord.de\/index.php?rest_route=\/wp\/v2\/types\/post"}],"author":[{"embeddable":true,"href":"https:\/\/www.arge-nord.de\/index.php?rest_route=\/wp\/v2\/users\/2"}],"replies":[{"embeddable":true,"href":"https:\/\/www.arge-nord.de\/index.php?rest_route=%2Fwp%2Fv2%2Fcomments&post=3124"}],"version-history":[{"count":9,"href":"https:\/\/www.arge-nord.de\/index.php?rest_route=\/wp\/v2\/posts\/3124\/revisions"}],"predecessor-version":[{"id":3181,"href":"https:\/\/www.arge-nord.de\/index.php?rest_route=\/wp\/v2\/posts\/3124\/revisions\/3181"}],"wp:attachment":[{"href":"https:\/\/www.arge-nord.de\/index.php?rest_route=%2Fwp%2Fv2%2Fmedia&parent=3124"}],"wp:term":[{"taxonomy":"category","embeddable":true,"href":"https:\/\/www.arge-nord.de\/index.php?rest_route=%2Fwp%2Fv2%2Fcategories&post=3124"},{"taxonomy":"post_tag","embeddable":true,"href":"https:\/\/www.arge-nord.de\/index.php?rest_route=%2Fwp%2Fv2%2Ftags&post=3124"}],"curies":[{"name":"wp","href":"https:\/\/api.w.org\/{rel}","templated":true}]}}