{"id":3960,"date":"2025-01-15T11:40:48","date_gmt":"2025-01-15T11:40:48","guid":{"rendered":"https:\/\/www.arge-nord.de\/?p=3960"},"modified":"2025-01-23T08:58:00","modified_gmt":"2025-01-23T08:58:00","slug":"rotfaeule-wahle-harsum-2025","status":"publish","type":"post","link":"https:\/\/www.arge-nord.de\/?p=3960","title":{"rendered":"Rotf\u00e4ule (Wahle, Harsum) 2024"},"content":{"rendered":"<p>Das diesj\u00e4hrige Rotf\u00e4ule Sortenscreening wurde an den Standorten Harsum (Kreis Hildesheim) und Wahle (Vechelde) angelegt.<br \/>\n<a href=\"https:\/\/arge-nord.com\/wp-content\/uploads\/2025\/01\/Rotfaeule-2024.png\" data-rel=\"lightbox-image-0\" data-rl_title=\"\" data-rl_caption=\"\" title=\"\"><img loading=\"lazy\" decoding=\"async\" class=\"aligncenter size-full wp-image-3963\" src=\"https:\/\/arge-nord.com\/wp-content\/uploads\/2025\/01\/Rotfaeule-2024.png\" alt=\"\" width=\"946\" height=\"419\" srcset=\"https:\/\/arge-nord.com\/wp-content\/uploads\/2025\/01\/Rotfaeule-2024.png 946w, https:\/\/arge-nord.com\/wp-content\/uploads\/2025\/01\/Rotfaeule-2024-300x133.png 300w, https:\/\/arge-nord.com\/wp-content\/uploads\/2025\/01\/Rotfaeule-2024-768x340.png 768w\" sizes=\"(max-width: 946px) 100vw, 946px\" \/><\/a>Die f\u00fcnf Z\u00fcchterh\u00e4user beteiligten sich mit insgesamt 32 Sorten.<br \/>\nDie Anlage erfolgte, wie f\u00fcr diesen Versuch \u00fcblich, als lateinisches Rechteck mit sechs Wiederholungen. Um m\u00f6glichst viele Sorten pr\u00fcfen zu k\u00f6nnen, wurden die Parzellen einreihig angelegt.<\/p>\n<p>Die Bonitur der R\u00fcben erfolgte auf dem Verleseband der Zuckerfabrik Schladen. Dabei wurde im ersten Schritt die Anzahl von R\u00fcben mit und ohne Rotf\u00e4ule-Symptome ermittelt. Im zweiten Schritt wurde der Anteil der Probe, der Symptome zeigt, mit einer Boniturnote von 1 &#8211; 9 bewertet.<\/p>\n<p>Die Standorte unterschieden sich in diesem Jahr im Hinblick auf den Befallsdruck deutlich: Harsum war sehr viel st\u00e4rker betroffen als Wahle.<br \/>\nAbbildung 1 und 2 zeigen den Anteil befallener Pflanzen an den beiden Standorten. Unabh\u00e4ngig vom vorhandenen Befallsniveau sticht das Versuchsglied 28 auf beiden Standorten mit einem deutlich geringeren Anteil befallener R\u00fcben heraus.<\/p>\n<div id='gallery-1' class='gallery galleryid-3960 gallery-columns-3 gallery-size-full'><figure class='gallery-item'>\n\t\t\t<div class='gallery-icon landscape'>\n\t\t\t\t<a href='https:\/\/arge-nord.com\/wp-content\/uploads\/2025\/01\/Rotfaeule-2024_Befallene-Pflanzen-Harsum.jpg' title=\"Abb.1: Anteil befallener Pflanzen, Harsum 2024\" data-rl_title=\"Abb.1: Anteil befallener Pflanzen, Harsum 2024\" class=\"rl-gallery-link\" data-rl_caption=\"\" data-rel=\"lightbox-gallery-1\"><img loading=\"lazy\" decoding=\"async\" width=\"1280\" height=\"720\" src=\"https:\/\/arge-nord.com\/wp-content\/uploads\/2025\/01\/Rotfaeule-2024_Befallene-Pflanzen-Harsum.jpg\" class=\"attachment-full size-full\" alt=\"\" aria-describedby=\"gallery-1-3964\" srcset=\"https:\/\/arge-nord.com\/wp-content\/uploads\/2025\/01\/Rotfaeule-2024_Befallene-Pflanzen-Harsum.jpg 1280w, https:\/\/arge-nord.com\/wp-content\/uploads\/2025\/01\/Rotfaeule-2024_Befallene-Pflanzen-Harsum-300x169.jpg 300w, https:\/\/arge-nord.com\/wp-content\/uploads\/2025\/01\/Rotfaeule-2024_Befallene-Pflanzen-Harsum-1024x576.jpg 1024w, https:\/\/arge-nord.com\/wp-content\/uploads\/2025\/01\/Rotfaeule-2024_Befallene-Pflanzen-Harsum-768x432.jpg 768w\" sizes=\"(max-width: 1280px) 100vw, 1280px\" \/><\/a>\n\t\t\t<\/div>\n\t\t\t\t<figcaption class='wp-caption-text gallery-caption' id='gallery-1-3964'>\n\t\t\t\tAbb.1: Anteil befallener Pflanzen, Harsum 2024\n\t\t\t\t<\/figcaption><\/figure><figure class='gallery-item'>\n\t\t\t<div class='gallery-icon landscape'>\n\t\t\t\t<a href='https:\/\/arge-nord.com\/wp-content\/uploads\/2025\/01\/Rotfaeule-2024_Befallene-Pflanzen-Wahle.jpg' title=\"Abb. 2: Anteil befallener Pflanzen, Wahle 2024\" data-rl_title=\"Abb. 2: Anteil befallener Pflanzen, Wahle 2024\" class=\"rl-gallery-link\" data-rl_caption=\"\" data-rel=\"lightbox-gallery-1\"><img loading=\"lazy\" decoding=\"async\" width=\"1280\" height=\"720\" src=\"https:\/\/arge-nord.com\/wp-content\/uploads\/2025\/01\/Rotfaeule-2024_Befallene-Pflanzen-Wahle.jpg\" class=\"attachment-full size-full\" alt=\"\" aria-describedby=\"gallery-1-3965\" srcset=\"https:\/\/arge-nord.com\/wp-content\/uploads\/2025\/01\/Rotfaeule-2024_Befallene-Pflanzen-Wahle.jpg 1280w, https:\/\/arge-nord.com\/wp-content\/uploads\/2025\/01\/Rotfaeule-2024_Befallene-Pflanzen-Wahle-300x169.jpg 300w, https:\/\/arge-nord.com\/wp-content\/uploads\/2025\/01\/Rotfaeule-2024_Befallene-Pflanzen-Wahle-1024x576.jpg 1024w, https:\/\/arge-nord.com\/wp-content\/uploads\/2025\/01\/Rotfaeule-2024_Befallene-Pflanzen-Wahle-768x432.jpg 768w\" sizes=\"(max-width: 1280px) 100vw, 1280px\" \/><\/a>\n\t\t\t<\/div>\n\t\t\t\t<figcaption class='wp-caption-text gallery-caption' id='gallery-1-3965'>\n\t\t\t\tAbb. 2: Anteil befallener Pflanzen, Wahle 2024\n\t\t\t\t<\/figcaption><\/figure>\n\t\t<\/div>\n\n<p>Diese Auff\u00e4lligkeit zeigte sich f\u00fcr das Versuchsglied bereits auch im Jahr 2023 (damals unter der Nummer 30).<br \/>\nAbbildung 3 zeigt die Ergebnisse der Verrechnung (2 Jahre, 4 Standorte) unter den Pr\u00fcfgliedern, die sowohl 2023 als auch 2024 gepr\u00fcft wurden.<\/p>\n<div id='gallery-2' class='gallery galleryid-3960 gallery-columns-3 gallery-size-full'><figure class='gallery-item'>\n\t\t\t<div class='gallery-icon landscape'>\n\t\t\t\t<a href='https:\/\/arge-nord.com\/wp-content\/uploads\/2025\/01\/Rotfaeule-2024_Boniturnote-Verrechung-zwei-Jahre.png' title=\"Abb. 3: Verrechnung relevanter Pr\u00fcfglieder aus 2023 und 2024\" data-rl_title=\"Abb. 3: Verrechnung relevanter Pr\u00fcfglieder aus 2023 und 2024\" class=\"rl-gallery-link\" data-rl_caption=\"\" data-rel=\"lightbox-gallery-2\"><img loading=\"lazy\" decoding=\"async\" width=\"1280\" height=\"720\" src=\"https:\/\/arge-nord.com\/wp-content\/uploads\/2025\/01\/Rotfaeule-2024_Boniturnote-Verrechung-zwei-Jahre.png\" class=\"attachment-full size-full\" alt=\"\" aria-describedby=\"gallery-2-3966\" srcset=\"https:\/\/arge-nord.com\/wp-content\/uploads\/2025\/01\/Rotfaeule-2024_Boniturnote-Verrechung-zwei-Jahre.png 1280w, https:\/\/arge-nord.com\/wp-content\/uploads\/2025\/01\/Rotfaeule-2024_Boniturnote-Verrechung-zwei-Jahre-300x169.png 300w, https:\/\/arge-nord.com\/wp-content\/uploads\/2025\/01\/Rotfaeule-2024_Boniturnote-Verrechung-zwei-Jahre-1024x576.png 1024w, https:\/\/arge-nord.com\/wp-content\/uploads\/2025\/01\/Rotfaeule-2024_Boniturnote-Verrechung-zwei-Jahre-768x432.png 768w\" sizes=\"(max-width: 1280px) 100vw, 1280px\" \/><\/a>\n\t\t\t<\/div>\n\t\t\t\t<figcaption class='wp-caption-text gallery-caption' id='gallery-2-3966'>\n\t\t\t\tAbb. 3: Verrechnung relevanter Pr\u00fcfglieder aus 2023 und 2024\n\t\t\t\t<\/figcaption><\/figure>\n\t\t<\/div>\n\n<p>Bei dem auff\u00e4lligen Versuchsglied handelt es sich um eine rhizoctonia-tolerante Sorte. Diese wird voraussichtlich 2025 im Anhang an den SSV weiter gepr\u00fcft.<\/p>\n","protected":false},"excerpt":{"rendered":"<p>Das diesj\u00e4hrige Rotf\u00e4ule Sortenscreening wurde an den Standorten Harsum (Kreis Hildesheim) und Wahle (Vechelde) angelegt. Die f\u00fcnf Z\u00fcchterh\u00e4user beteiligten sich mit insgesamt 32 Sorten. Die Anlage erfolgte, wie f\u00fcr diesen Versuch \u00fcblich, als lateinisches Rechteck mit sechs Wiederholungen. Um m\u00f6glichst viele Sorten pr\u00fcfen zu k\u00f6nnen, wurden die Parzellen einreihig angelegt. Die Bonitur der R\u00fcben erfolgte&#8230;<\/p>\n","protected":false},"author":2,"featured_media":0,"comment_status":"closed","ping_status":"closed","sticky":false,"template":"","format":"standard","meta":{"footnotes":""},"categories":[24],"tags":[715,720,653,721,652,651,37,722],"_links":{"self":[{"href":"https:\/\/www.arge-nord.de\/index.php?rest_route=\/wp\/v2\/posts\/3960"}],"collection":[{"href":"https:\/\/www.arge-nord.de\/index.php?rest_route=\/wp\/v2\/posts"}],"about":[{"href":"https:\/\/www.arge-nord.de\/index.php?rest_route=\/wp\/v2\/types\/post"}],"author":[{"embeddable":true,"href":"https:\/\/www.arge-nord.de\/index.php?rest_route=\/wp\/v2\/users\/2"}],"replies":[{"embeddable":true,"href":"https:\/\/www.arge-nord.de\/index.php?rest_route=%2Fwp%2Fv2%2Fcomments&post=3960"}],"version-history":[{"count":10,"href":"https:\/\/www.arge-nord.de\/index.php?rest_route=\/wp\/v2\/posts\/3960\/revisions"}],"predecessor-version":[{"id":4013,"href":"https:\/\/www.arge-nord.de\/index.php?rest_route=\/wp\/v2\/posts\/3960\/revisions\/4013"}],"wp:attachment":[{"href":"https:\/\/www.arge-nord.de\/index.php?rest_route=%2Fwp%2Fv2%2Fmedia&parent=3960"}],"wp:term":[{"taxonomy":"category","embeddable":true,"href":"https:\/\/www.arge-nord.de\/index.php?rest_route=%2Fwp%2Fv2%2Fcategories&post=3960"},{"taxonomy":"post_tag","embeddable":true,"href":"https:\/\/www.arge-nord.de\/index.php?rest_route=%2Fwp%2Fv2%2Ftags&post=3960"}],"curies":[{"name":"wp","href":"https:\/\/api.w.org\/{rel}","templated":true}]}}