{"id":4470,"date":"2026-04-29T11:39:41","date_gmt":"2026-04-29T11:39:41","guid":{"rendered":"https:\/\/www.arge-nord.de\/?p=4470"},"modified":"2026-04-29T11:39:41","modified_gmt":"2026-04-29T11:39:41","slug":"25-jahre-die-arge-nord-feiert-angela","status":"publish","type":"post","link":"https:\/\/www.arge-nord.de\/?p=4470","title":{"rendered":"25 Jahre &#8211; Die ARGE NORD feiert Angela!"},"content":{"rendered":"<p>&#8222;Ruf mal Angela an &#8230; &#8220; eine Aussage, die h\u00e4ufiger im ARGE-Alltag f\u00e4llt.<\/p>\n<p>Seit nunmehr 25 Jahren ist Angela Helmold-Wernich ein fester und nicht wegzudenkender Bestandteil der ARGE NORD, sie ist das Backoffice, in dem alle Informationen zusammen laufen, Versuche vorbereitet und ausgewertet werden, das organisatorische R\u00fcckgrat und eine verl\u00e4ssliche Ansprechpartnerin f\u00fcr alle.\u00a0Und auch auf dem Feld mischt sie hin und wieder tatkr\u00e4ftig mit.<\/p>\n<div>Liebe Angela, wir danken dir von Herzen f\u00fcr deinen unerm\u00fcdlichen Einsatz, deine Zuverl\u00e4ssigkeit und deine Treue zur ARGE NORD.<br \/>\n<strong>25 Jahre Erfahrung<\/strong> \u2013 das ist nicht zu toppen!<\/div>\n","protected":false},"excerpt":{"rendered":"<p>&#8222;Ruf mal Angela an &#8230; &#8220; eine Aussage, die h\u00e4ufiger im ARGE-Alltag f\u00e4llt. Seit nunmehr 25 Jahren ist Angela Helmold-Wernich ein fester und nicht wegzudenkender Bestandteil der ARGE NORD, sie ist das Backoffice, in dem alle Informationen zusammen laufen, Versuche vorbereitet und ausgewertet werden, das organisatorische R\u00fcckgrat und eine verl\u00e4ssliche Ansprechpartnerin f\u00fcr alle.\u00a0Und auch auf&#8230;<\/p>\n","protected":false},"author":2,"featured_media":4471,"comment_status":"closed","ping_status":"closed","sticky":false,"template":"","format":"standard","meta":{"footnotes":""},"categories":[4],"tags":[],"_links":{"self":[{"href":"https:\/\/www.arge-nord.de\/index.php?rest_route=\/wp\/v2\/posts\/4470"}],"collection":[{"href":"https:\/\/www.arge-nord.de\/index.php?rest_route=\/wp\/v2\/posts"}],"about":[{"href":"https:\/\/www.arge-nord.de\/index.php?rest_route=\/wp\/v2\/types\/post"}],"author":[{"embeddable":true,"href":"https:\/\/www.arge-nord.de\/index.php?rest_route=\/wp\/v2\/users\/2"}],"replies":[{"embeddable":true,"href":"https:\/\/www.arge-nord.de\/index.php?rest_route=%2Fwp%2Fv2%2Fcomments&post=4470"}],"version-history":[{"count":3,"href":"https:\/\/www.arge-nord.de\/index.php?rest_route=\/wp\/v2\/posts\/4470\/revisions"}],"predecessor-version":[{"id":4474,"href":"https:\/\/www.arge-nord.de\/index.php?rest_route=\/wp\/v2\/posts\/4470\/revisions\/4474"}],"wp:featuredmedia":[{"embeddable":true,"href":"https:\/\/www.arge-nord.de\/index.php?rest_route=\/wp\/v2\/media\/4471"}],"wp:attachment":[{"href":"https:\/\/www.arge-nord.de\/index.php?rest_route=%2Fwp%2Fv2%2Fmedia&parent=4470"}],"wp:term":[{"taxonomy":"category","embeddable":true,"href":"https:\/\/www.arge-nord.de\/index.php?rest_route=%2Fwp%2Fv2%2Fcategories&post=4470"},{"taxonomy":"post_tag","embeddable":true,"href":"https:\/\/www.arge-nord.de\/index.php?rest_route=%2Fwp%2Fv2%2Ftags&post=4470"}],"curies":[{"name":"wp","href":"https:\/\/api.w.org\/{rel}","templated":true}]}}