{"id":752,"date":"2019-05-02T09:28:03","date_gmt":"2019-05-02T09:28:03","guid":{"rendered":"http:\/\/www.arge-nord.com\/?p=752"},"modified":"2020-01-02T09:23:20","modified_gmt":"2020-01-02T09:23:20","slug":"wechsel-in-der-geschaeftsfuehrung","status":"publish","type":"post","link":"https:\/\/www.arge-nord.de\/?p=752","title":{"rendered":"Wechsel in der Gesch\u00e4ftsf\u00fchrung"},"content":{"rendered":"<p align=\"left\"><span style=\"color: #000000; font-family: Arial;\">Unser langj\u00e4hriger Gesch\u00e4ftsf\u00fchrer Gero Schlinker hat am 30. April die ARGE NORD verlassen. <\/span><span style=\"color: #000000; font-family: Arial;\">Wir danken Herrn Schlinker f\u00fcr mehr als 25 Jahre Einsatz f\u00fcr die R\u00fcbe und w\u00fcnschen Ihm auf diesem Wege viel Gl\u00fcck und Erfolg auf seinem weiterem Weg.<\/span><\/p>\n<p align=\"left\"><span style=\"color: #000000; font-family: Arial;\">Stephen Baumgarten, Ihnen bekannt als Anbauberater aus Nordstemmen hat <span style=\"color: #000000; font-family: Arial;\">am 01. Mai 2019 die Gesch\u00e4ftsf\u00fchrung \u00fcbernommen.<\/span><\/span><\/p>\n<p align=\"left\">\n<p>&nbsp;<\/p>\n","protected":false},"excerpt":{"rendered":"<p>Unser langj\u00e4hriger Gesch\u00e4ftsf\u00fchrer Gero Schlinker hat am 30. April die ARGE NORD verlassen. Wir danken Herrn Schlinker f\u00fcr mehr als 25 Jahre Einsatz f\u00fcr die R\u00fcbe und w\u00fcnschen Ihm auf diesem Wege viel Gl\u00fcck und Erfolg auf seinem weiterem Weg. Stephen Baumgarten, Ihnen bekannt als Anbauberater aus Nordstemmen hat am 01. Mai 2019 die Gesch\u00e4ftsf\u00fchrung&#8230;<\/p>\n","protected":false},"author":2,"featured_media":869,"comment_status":"closed","ping_status":"closed","sticky":false,"template":"","format":"standard","meta":{"footnotes":""},"categories":[4],"tags":[],"_links":{"self":[{"href":"https:\/\/www.arge-nord.de\/index.php?rest_route=\/wp\/v2\/posts\/752"}],"collection":[{"href":"https:\/\/www.arge-nord.de\/index.php?rest_route=\/wp\/v2\/posts"}],"about":[{"href":"https:\/\/www.arge-nord.de\/index.php?rest_route=\/wp\/v2\/types\/post"}],"author":[{"embeddable":true,"href":"https:\/\/www.arge-nord.de\/index.php?rest_route=\/wp\/v2\/users\/2"}],"replies":[{"embeddable":true,"href":"https:\/\/www.arge-nord.de\/index.php?rest_route=%2Fwp%2Fv2%2Fcomments&post=752"}],"version-history":[{"count":4,"href":"https:\/\/www.arge-nord.de\/index.php?rest_route=\/wp\/v2\/posts\/752\/revisions"}],"predecessor-version":[{"id":871,"href":"https:\/\/www.arge-nord.de\/index.php?rest_route=\/wp\/v2\/posts\/752\/revisions\/871"}],"wp:featuredmedia":[{"embeddable":true,"href":"https:\/\/www.arge-nord.de\/index.php?rest_route=\/wp\/v2\/media\/869"}],"wp:attachment":[{"href":"https:\/\/www.arge-nord.de\/index.php?rest_route=%2Fwp%2Fv2%2Fmedia&parent=752"}],"wp:term":[{"taxonomy":"category","embeddable":true,"href":"https:\/\/www.arge-nord.de\/index.php?rest_route=%2Fwp%2Fv2%2Fcategories&post=752"},{"taxonomy":"post_tag","embeddable":true,"href":"https:\/\/www.arge-nord.de\/index.php?rest_route=%2Fwp%2Fv2%2Ftags&post=752"}],"curies":[{"name":"wp","href":"https:\/\/api.w.org\/{rel}","templated":true}]}}